{"id":1227,"date":"2025-02-10T07:10:38","date_gmt":"2025-02-10T07:10:38","guid":{"rendered":"https:\/\/finquescatalonia.cat\/quedatacasa\/"},"modified":"2025-07-24T13:48:17","modified_gmt":"2025-07-24T13:48:17","slug":"quedatacasa","status":"publish","type":"post","link":"https:\/\/finquescatalonia.cat\/es\/quedatacasa\/","title":{"rendered":"#QuedatACasa"},"content":{"rendered":"\n<p>La actividad profesional de los administradores de fincas resulta hoy m\u00e1s esencial que nunca. En estas fechas en las que el conjunto de la poblaci\u00f3n tiene que quedarse a casa es imprescindible garantizar todos los servicios comunitarios (suministro de agua, energ\u00eda, calefacci\u00f3n, correcta accesibilidad, telecomunicaciones\u2026) (QuedatACasa).<\/p>\n\n<h3 class=\"wp-block-heading\">Con relaci\u00f3n en tu comunidad de propietarios, sigue estas normas :<\/h3>\n\n<ul class=\"wp-block-list\">\n<li>Siempre que sea posible, los administradores tienen que utilizar el teletrabajo. La atenci\u00f3n a las incidencias solo puede ser telef\u00f3nica o por medios telem\u00e1ticos, nunca presencial.<\/li>\n\n\n\n<li>Utiliza los servicios de tu administrador de fincas solo cuando sea estrictamente necesario.<\/li>\n\n\n\n<li>Tambi\u00e9n en tu edificio se tiene que mantener la distancia de seguridad (m\u00ednimo un metro).<\/li>\n\n\n\n<li>Utilitza l\u2019ascensor l\u2019imprescindible, l\u2019escala t\u2019ajudar\u00e0 a estar en forma. Si se utiliza el ascensor no m\u00e1s de un usuario por proximidad. Y pulsar el bot\u00f3n de destino con el dedo protegido.<\/li>\n\n\n\n<li>Est\u00e1 prohibido el uso de las zonas comunes como jardines, parques infantiles, bancos, aparatos deportivos, zonas recreativas, piscinas, sol\u00e1riums, as\u00ed como los recintos o espacios cerrados destinados a reuniones en las Comunidades.<\/li>\n\n\n\n<li>Es aconsejable que los conserjes y porteros realicen sus tareas b\u00e1sicas en las primeras horas del d\u00eda y posteriormente permanezcan a la conseller\u00eda realizando ronda de control cada cierto tiempo. Aun as\u00ed, ante esta situaci\u00f3n de emergencia, la comunidad de propietarios podr\u00e1 considerar, para evitar los m\u00e1ximos riesgos para la salud, la adopci\u00f3n otros criterios para la regulaci\u00f3n del servicio.<\/li>\n\n\n\n<li>Todo el personal al servicio del edificio: empleados, equipo de limpieza, vigilantes, personal de mantenimiento, tiene que observar las medidas de protecci\u00f3n necesarias (lavado de manos frecuente, uso de guantes, mascarillas\u2026) especialmente a las zonas m\u00e1s sensibles (pomos de puertas, botones de los ascensores, porteros autom\u00e1ticos, pasamanos, etc.)<\/li>\n\n\n\n<li>Todas las reuniones de comunidades de propietarios tienen que aplazarse.<\/li>\n\n\n\n<li>Si se pide comer a domicilio, al manipular billetes y monedas, lavarse las manos antes del pago y posteriormente de manera inmediata.<\/li>\n\n\n\n<li>El mejor antis\u00e9ptico es el agua con jab\u00f3n, recomendable en \u00e1reas dom\u00e9sticas.<\/li>\n\n\n\n<li>Si se toca o acaricia una mascota de un vecino, lavarse inmediatamente las manos, a pesar de que no est\u00e9 definido que se transmita desde los animales.<\/li>\n\n\n\n<li>Tranquilos\/se con los asuntos pendientes: todos los tr\u00e1mites administrativos y procesales est\u00e1n paralizados.<\/li>\n<\/ul>\n\n<p>Depende de t\u00fa, depende de todos y todas. (QuedatACasa)<\/p>\n\n<p>\n          <a href=\"https:\/\/finquescatalonia.cat\/wp-content\/uploads\/2020\/03\/quedat-a-casa.pdf\">Descarga el documento PDF<\/a>\n        <\/p>\n\n<p><\/p>\n\n<p>\n          <a href=\"https:\/\/finquescatalonia.cat\/es\/blog\/\">Vuelve la p\u00e1gina de blog<\/a>\n        <\/p>\n\n<p><\/p>\n","protected":false},"excerpt":{"rendered":"<p>La actividad profesional de los administradores de fincas resulta hoy m\u00e1s esencial que nunca. En estas fechas en las que el conjunto de la poblaci\u00f3n tiene que quedarse a casa es imprescindible garantizar todos los servicios comunitarios (suministro de agua, energ\u00eda, calefacci\u00f3n, correcta accesibilidad, telecomunicaciones\u2026) (QuedatACasa). Con relaci\u00f3n en tu comunidad de propietarios, sigue estas [&hellip;]<\/p>\n","protected":false},"author":1,"featured_media":1139,"comment_status":"closed","ping_status":"closed","sticky":false,"template":"","format":"standard","meta":{"footnotes":""},"categories":[17],"tags":[],"class_list":["post-1227","post","type-post","status-publish","format-standard","has-post-thumbnail","hentry","category-blog-es"],"yoast_head":"<!-- This site is optimized with the Yoast SEO plugin v27.2 - https:\/\/yoast.com\/product\/yoast-seo-wordpress\/ -->\n<title>#QuedatACasa - Finques Catalonia<\/title>\n<meta name=\"description\" content=\"QuedatACasa. Ahora que el conjunto de la poblaci\u00f3n tiene que quedarse a casa es imprescindible garantizar todos los servicios comunitarios\" \/>\n<meta name=\"robots\" content=\"index, follow, max-snippet:-1, max-image-preview:large, max-video-preview:-1\" \/>\n<link rel=\"canonical\" href=\"https:\/\/finquescatalonia.cat\/es\/quedatacasa\/\" \/>\n<meta property=\"og:locale\" content=\"es_ES\" \/>\n<meta property=\"og:type\" content=\"article\" \/>\n<meta property=\"og:title\" content=\"#QuedatACasa - Finques Catalonia\" \/>\n<meta property=\"og:description\" content=\"QuedatACasa. Ahora que el conjunto de la poblaci\u00f3n tiene que quedarse a casa es imprescindible garantizar todos los servicios comunitarios\" \/>\n<meta property=\"og:url\" content=\"https:\/\/finquescatalonia.cat\/es\/quedatacasa\/\" \/>\n<meta property=\"og:site_name\" content=\"Finques Catalonia\" \/>\n<meta property=\"article:published_time\" content=\"2025-02-10T07:10:38+00:00\" \/>\n<meta property=\"article:modified_time\" content=\"2025-07-24T13:48:17+00:00\" \/>\n<meta property=\"og:image\" content=\"https:\/\/finquescatalonia.cat\/wp-content\/uploads\/2025\/02\/image10-1.jpg\" \/>\n\t<meta property=\"og:image:width\" content=\"800\" \/>\n\t<meta property=\"og:image:height\" content=\"541\" \/>\n\t<meta property=\"og:image:type\" content=\"image\/jpeg\" \/>\n<meta name=\"author\" content=\"admin\" \/>\n<meta name=\"twitter:card\" content=\"summary_large_image\" \/>\n<meta name=\"twitter:label1\" content=\"Escrito por\" \/>\n\t<meta name=\"twitter:data1\" content=\"admin\" \/>\n\t<meta name=\"twitter:label2\" content=\"Tiempo de lectura\" \/>\n\t<meta name=\"twitter:data2\" content=\"2 minutos\" \/>\n<script type=\"application\/ld+json\" class=\"yoast-schema-graph\">{\"@context\":\"https:\/\/schema.org\",\"@graph\":[{\"@type\":\"Article\",\"@id\":\"https:\/\/finquescatalonia.cat\/es\/quedatacasa\/#article\",\"isPartOf\":{\"@id\":\"https:\/\/finquescatalonia.cat\/es\/quedatacasa\/\"},\"author\":{\"name\":\"admin\",\"@id\":\"https:\/\/finquescatalonia.cat\/#\/schema\/person\/f14fad9f302edd997e1268dd2923a9d3\"},\"headline\":\"#QuedatACasa\",\"datePublished\":\"2025-02-10T07:10:38+00:00\",\"dateModified\":\"2025-07-24T13:48:17+00:00\",\"mainEntityOfPage\":{\"@id\":\"https:\/\/finquescatalonia.cat\/es\/quedatacasa\/\"},\"wordCount\":418,\"image\":{\"@id\":\"https:\/\/finquescatalonia.cat\/es\/quedatacasa\/#primaryimage\"},\"thumbnailUrl\":\"https:\/\/finquescatalonia.cat\/wp-content\/uploads\/2025\/02\/image10-1.jpg\",\"articleSection\":[\"Blog\"],\"inLanguage\":\"es\"},{\"@type\":\"WebPage\",\"@id\":\"https:\/\/finquescatalonia.cat\/es\/quedatacasa\/\",\"url\":\"https:\/\/finquescatalonia.cat\/es\/quedatacasa\/\",\"name\":\"#QuedatACasa - Finques Catalonia\",\"isPartOf\":{\"@id\":\"https:\/\/finquescatalonia.cat\/#website\"},\"primaryImageOfPage\":{\"@id\":\"https:\/\/finquescatalonia.cat\/es\/quedatacasa\/#primaryimage\"},\"image\":{\"@id\":\"https:\/\/finquescatalonia.cat\/es\/quedatacasa\/#primaryimage\"},\"thumbnailUrl\":\"https:\/\/finquescatalonia.cat\/wp-content\/uploads\/2025\/02\/image10-1.jpg\",\"datePublished\":\"2025-02-10T07:10:38+00:00\",\"dateModified\":\"2025-07-24T13:48:17+00:00\",\"author\":{\"@id\":\"https:\/\/finquescatalonia.cat\/#\/schema\/person\/f14fad9f302edd997e1268dd2923a9d3\"},\"description\":\"QuedatACasa. Ahora que el conjunto de la poblaci\u00f3n tiene que quedarse a casa es imprescindible garantizar todos los servicios comunitarios\",\"breadcrumb\":{\"@id\":\"https:\/\/finquescatalonia.cat\/es\/quedatacasa\/#breadcrumb\"},\"inLanguage\":\"es\",\"potentialAction\":[{\"@type\":\"ReadAction\",\"target\":[\"https:\/\/finquescatalonia.cat\/es\/quedatacasa\/\"]}]},{\"@type\":\"ImageObject\",\"inLanguage\":\"es\",\"@id\":\"https:\/\/finquescatalonia.cat\/es\/quedatacasa\/#primaryimage\",\"url\":\"https:\/\/finquescatalonia.cat\/wp-content\/uploads\/2025\/02\/image10-1.jpg\",\"contentUrl\":\"https:\/\/finquescatalonia.cat\/wp-content\/uploads\/2025\/02\/image10-1.jpg\",\"width\":800,\"height\":541},{\"@type\":\"BreadcrumbList\",\"@id\":\"https:\/\/finquescatalonia.cat\/es\/quedatacasa\/#breadcrumb\",\"itemListElement\":[{\"@type\":\"ListItem\",\"position\":1,\"name\":\"Inici\",\"item\":\"https:\/\/finquescatalonia.cat\/es\/inicio\/\"},{\"@type\":\"ListItem\",\"position\":2,\"name\":\"#QuedatACasa\"}]},{\"@type\":\"WebSite\",\"@id\":\"https:\/\/finquescatalonia.cat\/#website\",\"url\":\"https:\/\/finquescatalonia.cat\/\",\"name\":\"Finques Catalonia\",\"description\":\"\",\"potentialAction\":[{\"@type\":\"SearchAction\",\"target\":{\"@type\":\"EntryPoint\",\"urlTemplate\":\"https:\/\/finquescatalonia.cat\/?s={search_term_string}\"},\"query-input\":{\"@type\":\"PropertyValueSpecification\",\"valueRequired\":true,\"valueName\":\"search_term_string\"}}],\"inLanguage\":\"es\"},{\"@type\":\"Person\",\"@id\":\"https:\/\/finquescatalonia.cat\/#\/schema\/person\/f14fad9f302edd997e1268dd2923a9d3\",\"name\":\"admin\",\"image\":{\"@type\":\"ImageObject\",\"inLanguage\":\"es\",\"@id\":\"https:\/\/secure.gravatar.com\/avatar\/48b761bfc32435a8240c59da666d63732dbcc1a9953c4e7a4e7d6ceb44daee93?s=96&d=mm&r=g\",\"url\":\"https:\/\/secure.gravatar.com\/avatar\/48b761bfc32435a8240c59da666d63732dbcc1a9953c4e7a4e7d6ceb44daee93?s=96&d=mm&r=g\",\"contentUrl\":\"https:\/\/secure.gravatar.com\/avatar\/48b761bfc32435a8240c59da666d63732dbcc1a9953c4e7a4e7d6ceb44daee93?s=96&d=mm&r=g\",\"caption\":\"admin\"},\"sameAs\":[\"https:\/\/finquescatalonia.cat\"],\"url\":\"https:\/\/finquescatalonia.cat\/es\/author\/avannubo\/\"}]}<\/script>\n<!-- \/ Yoast SEO plugin. -->","yoast_head_json":{"title":"#QuedatACasa - Finques Catalonia","description":"QuedatACasa. Ahora que el conjunto de la poblaci\u00f3n tiene que quedarse a casa es imprescindible garantizar todos los servicios comunitarios","robots":{"index":"index","follow":"follow","max-snippet":"max-snippet:-1","max-image-preview":"max-image-preview:large","max-video-preview":"max-video-preview:-1"},"canonical":"https:\/\/finquescatalonia.cat\/es\/quedatacasa\/","og_locale":"es_ES","og_type":"article","og_title":"#QuedatACasa - Finques Catalonia","og_description":"QuedatACasa. Ahora que el conjunto de la poblaci\u00f3n tiene que quedarse a casa es imprescindible garantizar todos los servicios comunitarios","og_url":"https:\/\/finquescatalonia.cat\/es\/quedatacasa\/","og_site_name":"Finques Catalonia","article_published_time":"2025-02-10T07:10:38+00:00","article_modified_time":"2025-07-24T13:48:17+00:00","og_image":[{"width":800,"height":541,"url":"https:\/\/finquescatalonia.cat\/wp-content\/uploads\/2025\/02\/image10-1.jpg","type":"image\/jpeg"}],"author":"admin","twitter_card":"summary_large_image","twitter_misc":{"Escrito por":"admin","Tiempo de lectura":"2 minutos"},"schema":{"@context":"https:\/\/schema.org","@graph":[{"@type":"Article","@id":"https:\/\/finquescatalonia.cat\/es\/quedatacasa\/#article","isPartOf":{"@id":"https:\/\/finquescatalonia.cat\/es\/quedatacasa\/"},"author":{"name":"admin","@id":"https:\/\/finquescatalonia.cat\/#\/schema\/person\/f14fad9f302edd997e1268dd2923a9d3"},"headline":"#QuedatACasa","datePublished":"2025-02-10T07:10:38+00:00","dateModified":"2025-07-24T13:48:17+00:00","mainEntityOfPage":{"@id":"https:\/\/finquescatalonia.cat\/es\/quedatacasa\/"},"wordCount":418,"image":{"@id":"https:\/\/finquescatalonia.cat\/es\/quedatacasa\/#primaryimage"},"thumbnailUrl":"https:\/\/finquescatalonia.cat\/wp-content\/uploads\/2025\/02\/image10-1.jpg","articleSection":["Blog"],"inLanguage":"es"},{"@type":"WebPage","@id":"https:\/\/finquescatalonia.cat\/es\/quedatacasa\/","url":"https:\/\/finquescatalonia.cat\/es\/quedatacasa\/","name":"#QuedatACasa - Finques Catalonia","isPartOf":{"@id":"https:\/\/finquescatalonia.cat\/#website"},"primaryImageOfPage":{"@id":"https:\/\/finquescatalonia.cat\/es\/quedatacasa\/#primaryimage"},"image":{"@id":"https:\/\/finquescatalonia.cat\/es\/quedatacasa\/#primaryimage"},"thumbnailUrl":"https:\/\/finquescatalonia.cat\/wp-content\/uploads\/2025\/02\/image10-1.jpg","datePublished":"2025-02-10T07:10:38+00:00","dateModified":"2025-07-24T13:48:17+00:00","author":{"@id":"https:\/\/finquescatalonia.cat\/#\/schema\/person\/f14fad9f302edd997e1268dd2923a9d3"},"description":"QuedatACasa. Ahora que el conjunto de la poblaci\u00f3n tiene que quedarse a casa es imprescindible garantizar todos los servicios comunitarios","breadcrumb":{"@id":"https:\/\/finquescatalonia.cat\/es\/quedatacasa\/#breadcrumb"},"inLanguage":"es","potentialAction":[{"@type":"ReadAction","target":["https:\/\/finquescatalonia.cat\/es\/quedatacasa\/"]}]},{"@type":"ImageObject","inLanguage":"es","@id":"https:\/\/finquescatalonia.cat\/es\/quedatacasa\/#primaryimage","url":"https:\/\/finquescatalonia.cat\/wp-content\/uploads\/2025\/02\/image10-1.jpg","contentUrl":"https:\/\/finquescatalonia.cat\/wp-content\/uploads\/2025\/02\/image10-1.jpg","width":800,"height":541},{"@type":"BreadcrumbList","@id":"https:\/\/finquescatalonia.cat\/es\/quedatacasa\/#breadcrumb","itemListElement":[{"@type":"ListItem","position":1,"name":"Inici","item":"https:\/\/finquescatalonia.cat\/es\/inicio\/"},{"@type":"ListItem","position":2,"name":"#QuedatACasa"}]},{"@type":"WebSite","@id":"https:\/\/finquescatalonia.cat\/#website","url":"https:\/\/finquescatalonia.cat\/","name":"Finques Catalonia","description":"","potentialAction":[{"@type":"SearchAction","target":{"@type":"EntryPoint","urlTemplate":"https:\/\/finquescatalonia.cat\/?s={search_term_string}"},"query-input":{"@type":"PropertyValueSpecification","valueRequired":true,"valueName":"search_term_string"}}],"inLanguage":"es"},{"@type":"Person","@id":"https:\/\/finquescatalonia.cat\/#\/schema\/person\/f14fad9f302edd997e1268dd2923a9d3","name":"admin","image":{"@type":"ImageObject","inLanguage":"es","@id":"https:\/\/secure.gravatar.com\/avatar\/48b761bfc32435a8240c59da666d63732dbcc1a9953c4e7a4e7d6ceb44daee93?s=96&d=mm&r=g","url":"https:\/\/secure.gravatar.com\/avatar\/48b761bfc32435a8240c59da666d63732dbcc1a9953c4e7a4e7d6ceb44daee93?s=96&d=mm&r=g","contentUrl":"https:\/\/secure.gravatar.com\/avatar\/48b761bfc32435a8240c59da666d63732dbcc1a9953c4e7a4e7d6ceb44daee93?s=96&d=mm&r=g","caption":"admin"},"sameAs":["https:\/\/finquescatalonia.cat"],"url":"https:\/\/finquescatalonia.cat\/es\/author\/avannubo\/"}]}},"_links":{"self":[{"href":"https:\/\/finquescatalonia.cat\/es\/wp-json\/wp\/v2\/posts\/1227","targetHints":{"allow":["GET"]}}],"collection":[{"href":"https:\/\/finquescatalonia.cat\/es\/wp-json\/wp\/v2\/posts"}],"about":[{"href":"https:\/\/finquescatalonia.cat\/es\/wp-json\/wp\/v2\/types\/post"}],"author":[{"embeddable":true,"href":"https:\/\/finquescatalonia.cat\/es\/wp-json\/wp\/v2\/users\/1"}],"replies":[{"embeddable":true,"href":"https:\/\/finquescatalonia.cat\/es\/wp-json\/wp\/v2\/comments?post=1227"}],"version-history":[{"count":2,"href":"https:\/\/finquescatalonia.cat\/es\/wp-json\/wp\/v2\/posts\/1227\/revisions"}],"predecessor-version":[{"id":1566,"href":"https:\/\/finquescatalonia.cat\/es\/wp-json\/wp\/v2\/posts\/1227\/revisions\/1566"}],"wp:featuredmedia":[{"embeddable":true,"href":"https:\/\/finquescatalonia.cat\/es\/wp-json\/wp\/v2\/media\/1139"}],"wp:attachment":[{"href":"https:\/\/finquescatalonia.cat\/es\/wp-json\/wp\/v2\/media?parent=1227"}],"wp:term":[{"taxonomy":"category","embeddable":true,"href":"https:\/\/finquescatalonia.cat\/es\/wp-json\/wp\/v2\/categories?post=1227"},{"taxonomy":"post_tag","embeddable":true,"href":"https:\/\/finquescatalonia.cat\/es\/wp-json\/wp\/v2\/tags?post=1227"}],"curies":[{"name":"wp","href":"https:\/\/api.w.org\/{rel}","templated":true}]}}